{"id":499,"date":"2023-10-24T17:44:56","date_gmt":"2023-10-24T15:44:56","guid":{"rendered":"https:\/\/kindergaerten-obernburg.de\/abenteuerhaus\/?p=499"},"modified":"2023-10-24T17:44:56","modified_gmt":"2023-10-24T15:44:56","slug":"unsere-aktiven-aktivbuerger","status":"publish","type":"post","link":"https:\/\/kindergaerten-obernburg.de\/abenteuerhaus\/2023\/10\/24\/unsere-aktiven-aktivbuerger\/","title":{"rendered":"Unsere aktiven Aktivb\u00fcrger!"},"content":{"rendered":"\n<p>Wir freuen uns sehr \u00fcber unser neues Dach \u00fcber unserer Terrasse, gebaut von den Eisenbacher Aktivb\u00fcrgern! Sie haben extra in unseren Ferien und an den Wochenenden gearbeitet, um unseren Ablauf nicht zu st\u00f6ren, vielen, vielen Dank daf\u00fcr! Nun k\u00f6nnen die Kinder ihre Gummistiefel drau\u00dfen im Trockenen ausziehen, so bleiben auch die Socken trocken, das ist ein super Mehrwert f\u00fcr unseren Alltag! Auch kann die Terrasse nun auch bei Regen genutzt werden, das finden wir super! Als Dankesch\u00f6n haben die Kinder einen Apfelkuchen gebacken. Diesen wollten wir gerne vorbeibringen, da es aber zu stark regnete kamen die Aktivb\u00fcrger kurzerhand zu uns ins Bistro und haben es sich hier schmecken lassen! Danke an die Kinder und Steffi, die diesen leckeren Kuchen zubereitet haben! <br>Vielen Dank an alle Aktivb\u00fcrger, die so viel f\u00fcr uns schaffen &#8211; sch\u00f6n, dass es euch gibt!<\/p>\n\n\n\n<div class=\"wp-block-columns is-layout-flex wp-container-core-columns-is-layout-9d6595d7 wp-block-columns-is-layout-flex\">\n<div class=\"wp-block-column is-layout-flow wp-block-column-is-layout-flow\" style=\"flex-basis:100%\">\n<div class=\"wp-block-group\"><div class=\"wp-block-group__inner-container is-layout-constrained wp-block-group-is-layout-constrained\">\n<div class=\"wp-block-columns is-layout-flex wp-container-core-columns-is-layout-9d6595d7 wp-block-columns-is-layout-flex\">\n<div class=\"wp-block-column is-layout-flow wp-block-column-is-layout-flow\" style=\"flex-basis:100%\">\n<div class=\"wp-block-columns is-layout-flex wp-container-core-columns-is-layout-9d6595d7 wp-block-columns-is-layout-flex\">\n<div class=\"wp-block-column is-layout-flow wp-block-column-is-layout-flow\" style=\"flex-basis:100%\">\n<figure class=\"wp-block-image size-full is-resized\"><img loading=\"lazy\" decoding=\"async\" width=\"600\" height=\"450\" src=\"https:\/\/kindergaerten-obernburg.de\/abenteuerhaus\/wp-content\/uploads\/sites\/5\/2023\/10\/20231024_112719-1.jpg\" alt=\"\" class=\"wp-image-501\" style=\"aspect-ratio:1.3333333333333333;width:321px;height:auto\" srcset=\"https:\/\/kindergaerten-obernburg.de\/abenteuerhaus\/wp-content\/uploads\/sites\/5\/2023\/10\/20231024_112719-1.jpg 600w, https:\/\/kindergaerten-obernburg.de\/abenteuerhaus\/wp-content\/uploads\/sites\/5\/2023\/10\/20231024_112719-1-300x225.jpg 300w\" sizes=\"auto, (max-width: 600px) 100vw, 600px\" \/><\/figure>\n<\/div>\n<\/div>\n\n\n\n<figure class=\"wp-block-image size-full is-resized\"><img loading=\"lazy\" decoding=\"async\" width=\"600\" height=\"450\" src=\"https:\/\/kindergaerten-obernburg.de\/abenteuerhaus\/wp-content\/uploads\/sites\/5\/2023\/10\/20231024_112730.jpg\" alt=\"\" class=\"wp-image-502\" style=\"aspect-ratio:1.3333333333333333;width:325px;height:auto\" srcset=\"https:\/\/kindergaerten-obernburg.de\/abenteuerhaus\/wp-content\/uploads\/sites\/5\/2023\/10\/20231024_112730.jpg 600w, https:\/\/kindergaerten-obernburg.de\/abenteuerhaus\/wp-content\/uploads\/sites\/5\/2023\/10\/20231024_112730-300x225.jpg 300w\" sizes=\"auto, (max-width: 600px) 100vw, 600px\" \/><\/figure>\n<\/div>\n<\/div>\n<\/div><\/div>\n<\/div>\n<\/div>\n","protected":false},"excerpt":{"rendered":"<p>Wir freuen uns sehr \u00fcber unser neues Dach \u00fcber unserer Terrasse, gebaut von den Eisenbacher Aktivb\u00fcrgern! Sie haben extra in unseren Ferien und an den Wochenenden gearbeitet, um unseren Ablauf nicht zu st\u00f6ren, vielen, vielen Dank daf\u00fcr! Nun k\u00f6nnen die Kinder ihre Gummistiefel drau\u00dfen im Trockenen ausziehen, so bleiben auch die Socken trocken, das ist &#8230; <a title=\"Unsere aktiven Aktivb\u00fcrger!\" class=\"read-more\" href=\"https:\/\/kindergaerten-obernburg.de\/abenteuerhaus\/2023\/10\/24\/unsere-aktiven-aktivbuerger\/\" aria-label=\"Mehr Informationen \u00fcber Unsere aktiven Aktivb\u00fcrger!\">Weiterlesen<\/a><\/p>\n","protected":false},"author":4,"featured_media":0,"comment_status":"closed","ping_status":"","sticky":false,"template":"","format":"standard","meta":{"footnotes":""},"categories":[1],"tags":[],"class_list":["post-499","post","type-post","status-publish","format-standard","hentry","category-allgemein"],"_links":{"self":[{"href":"https:\/\/kindergaerten-obernburg.de\/abenteuerhaus\/wp-json\/wp\/v2\/posts\/499","targetHints":{"allow":["GET"]}}],"collection":[{"href":"https:\/\/kindergaerten-obernburg.de\/abenteuerhaus\/wp-json\/wp\/v2\/posts"}],"about":[{"href":"https:\/\/kindergaerten-obernburg.de\/abenteuerhaus\/wp-json\/wp\/v2\/types\/post"}],"author":[{"embeddable":true,"href":"https:\/\/kindergaerten-obernburg.de\/abenteuerhaus\/wp-json\/wp\/v2\/users\/4"}],"replies":[{"embeddable":true,"href":"https:\/\/kindergaerten-obernburg.de\/abenteuerhaus\/wp-json\/wp\/v2\/comments?post=499"}],"version-history":[{"count":2,"href":"https:\/\/kindergaerten-obernburg.de\/abenteuerhaus\/wp-json\/wp\/v2\/posts\/499\/revisions"}],"predecessor-version":[{"id":504,"href":"https:\/\/kindergaerten-obernburg.de\/abenteuerhaus\/wp-json\/wp\/v2\/posts\/499\/revisions\/504"}],"wp:attachment":[{"href":"https:\/\/kindergaerten-obernburg.de\/abenteuerhaus\/wp-json\/wp\/v2\/media?parent=499"}],"wp:term":[{"taxonomy":"category","embeddable":true,"href":"https:\/\/kindergaerten-obernburg.de\/abenteuerhaus\/wp-json\/wp\/v2\/categories?post=499"},{"taxonomy":"post_tag","embeddable":true,"href":"https:\/\/kindergaerten-obernburg.de\/abenteuerhaus\/wp-json\/wp\/v2\/tags?post=499"}],"curies":[{"name":"wp","href":"https:\/\/api.w.org\/{rel}","templated":true}]}}